{"id":79717,"date":"2026-04-08T07:48:14","date_gmt":"2026-04-08T07:48:14","guid":{"rendered":"https:\/\/m9dev2.com\/cxsdev\/?p=79717"},"modified":"2026-02-25T14:07:42","modified_gmt":"2026-02-25T14:07:42","slug":"fesiluz-chile-2024-estas-son-las-fechas-los-9","status":"publish","type":"post","link":"https:\/\/m9dev2.com\/cxsdev\/fesiluz-chile-2024-estas-son-las-fechas-los-9\/","title":{"rendered":"Fesiluz Chile 2024: Estas son las fechas, los precios y d\u00f3nde se realizar\u00e1 el gran evento de luces chinas"},"content":{"rendered":"<div id=\"toc\" style=\"background: #f9f9f9;border: 1px solid #aaa;display: table;margin-bottom: 1em;padding: 1em;width: 350px;\">\n<p class=\"toctitle\" style=\"font-weight: 700;text-align: center;\">Content<\/p>\n<ul class=\"toc_list\">\n<li><a href=\"#toc-0\">No confundas Halloween con el D\u00eda de Muertos: Un sacerdote cat\u00f3lico explica las diferencias<\/a><\/li>\n<li><a href=\"#toc-2\">La fiesta de la luz llev\u00f3 la ciencia a las calles<\/a><\/li>\n<li><a href=\"#toc-4\">Espa\u00f1a<\/a><\/li>\n<li><a href=\"#toc-5\">The significance of Palma\u2019s Festival of Light<\/a><\/li>\n<\/ul>\n<\/div>\n<p>Audiencia protocolar del presidente electo al Comit\u00e9 Permanente de la Conferencia Episcopal Despu\u00e9s de visto lo visto, si te crees tan listo que pasas de la luz de Cristo, pues, \u00a1apaga y v\u00e1monos! \u201cPorque todo el que obra mal, aborrece la luz, y no viene a la luz para que sus obras no sean reprendidas. Tampoco seas un \u201capagavelas-matacandelas\u201d, apagador de la luz del Amor. Ahora, que ya desapareci\u00f3 la profesi\u00f3n de farolero, no nos <a href=\"filusa.cl\">filusa.cl<\/a> marquemos faroles, porque hay m\u00e1s de un prelado, que estar\u00eda mejor callado.<\/p>\n<h2 id=\"toc-0\">No confundas Halloween con el D\u00eda de Muertos: Un sacerdote cat\u00f3lico explica las diferencias<\/h2>\n<ul>\n<li>Seg\ufffdn la leyenda, el 21 de febrero de 1345, una extra\ufffda luz que proven\ufffda de Montserrat ingres\ufffd a la Iglesia del Carme y las campanas comenzaron a repicar.<\/li>\n<li>Referente a su construcci\u00f3n no hay un estudio definitivo y las pautas que se dan obedecen en gran medida a los usos locales o particulares del hablante.<\/li>\n<li>Juan Antonio Belmonte, profesor de Investigaci\u00f3n en el Instituto de Astrof\u00edsica de Canarias, explica que el solsticio \u2014que significa &quot;sol parado o est\u00e1tico&quot; y viene del lat\u00edn\u2014 ocurre cuando el Sol se sit\u00faa justo en la misma posici\u00f3n del horizonte, a su salida y a su puesta, durante varios d\u00edas.<\/li>\n<li>La hermandad ha decidido suspender la procesi\u00f3n con la Virgen de la Salud que cada a\u00f1o recorre la feligres\u00eda de Santa Leocadia y celebrar la Candelaria con la eucarist\u00eda que oficiar\u00e1 el p\u00e1rroco y consiliario de la cofrad\u00eda.<\/li>\n<li>Despu\u00e9s de que el sol se pone, el centro hist\u00f3rico cobra vida con colores mientras las piezas visuales de artistas internacionales usan la arquitectura del primer sitio de la UNESCO como tel\u00f3n de fondo para incre\u00edbles obras de arte.<\/li>\n<\/ul>\n<p>Con ocasi\u00f3n de la Solemnidad de Todos los Santos que se celebra hoy, y el D\u00eda de los Fieles Difuntos que se conmemora ma\u00f1ana, las parroquias y comunidades cat\u00f3licas de las di\u00f3cesis de Chile desarrollan actividades y ceremonias en recuerdo de las personas que ya partieron, en especial las v\u00edctimas del Covid-19. Ni\u00f1os y adultos de las distintas di\u00f3cesis de Chile conmemoran a difuntos y santos con Misas, procesiones y la tradicional Fiesta de la Luz. La monta\u00f1a es Cristo \u2013 la monta\u00f1a del templo \u2013 pero tambi\u00e9n Mar\u00eda, en cuyo vientre Cristo vino a la luz; arriba est\u00e1n los \u00e1ngeles que cantan y adoran.<\/p>\n<p>Uno de los m\u00e1s antiguos calendarios cristianos existentes, que data del a\u00f1o 354, atestigua que en esa \u00e9poca en Roma la Navidad ya se celebraba el 25 de diciembre. Un buen pretexto para este fin de semana acercarse a los muchos lugares del norte y sur del pa\u00eds donde se conmemora esta fiesta para agradecer la presencia de Dios entre nosotros en forma de luz que esclarece todas nuestras oscuridades. Con el tiempo, la fiesta se ha constituido en un referente indiscutido de la religiosidad popular de la regi\u00f3n de Atacama, y se han organizado cofrad\u00edas de bailes chinos que, al igual que en Andacollo, agrupan a feligreses de la zona que se preparan todo el a\u00f1o para festejar a su patrona. Esta quiere ser una respuesta creativa y fundamentada en nuestra fe a esta fiesta importada, que apunta a buscar una renovaci\u00f3n de la vida en la sociedad de hoy. Es as\u00ed que en Chile ya lleva bastantes a\u00f1os celebr\u00e1ndose Halloween, tomando gran fuerza, sobre todo en los ni\u00f1os, que se sienten cautivados por lo llamativo de los disfraces y el atractivo de los dulces y golosinas. Esta tradici\u00f3n la import\u00f3 EEUU, lugar donde deriv\u00f3 con los a\u00f1os en una celebraci\u00f3n popular de bastante superficialidad, pero que mueve grandes sumas de dinero gracias a la gran publicidad y los productos relacionados.<\/p>\n<h3 id=\"toc-1\">Palma\u2019s Festival of Light: A Spectacle Worth Waking Up For<\/h3>\n<p>Para lograrlo, cada artista debi\u00f3 desplegar una impresionante infraestructura tecnol\u00f3gica que permitiera iluminar las gigantescas fachadas de los edificios.Daniel Knipper, artista franc\u00e9s de luz, fue el encargado de la muestra \u2018Un universo po\u00e9tico\u2019, que se despleg\u00f3 en la fachada frontal de la Catedral de Quito, junto al Palacio de Carondelet. Esta web utiliza Google Analytics para recopilar informaci\u00f3n an\u00f3nima tal como el n\u00famero de visitantes del sitio, o las p\u00e1ginas m\u00e1s populares. Hemos concebido a la Universidad de Concepci\u00f3n, y a la ciudad de Concepci\u00f3n, como el epicentro del A\u00f1o de la Luz. Por otro lado, aun no hay informaci\u00f3n sobre la venta de entradas para Hualp\u00e9n, pero los estaremos actualizando cuando salga m\u00e1s informaci\u00f3n.<\/p>\n<p>Este es el \u00fanico festival de este tipo en Am\u00e9rica del Sur, solo uno de los primeros que Quito reclama como propio. A pesar de las multitudes, hay un aspecto asombroso en los procedimientos que aporta un sentido de comunidad a la noche. Millones de personas llenan las calles, sacando lo mejor de las bandas de m\u00fasica de esp\u00edritu de la ciudad en las plazas, y personas de todo el pa\u00eds salen a las calles. Un equipo franc\u00e9s trabaja con artistas y estudiantes ecuatorianos, realizando talleres que producen piezas visuales coreografiadas que iluminan la noche en 18 lugares como la Bas\u00edlica, la Plaza de la Independencia y la Plaza de San Francisco. Cualquier d\u00eda deambulando por las calles del centro hist\u00f3rico es una aventura en la arquitectura espa\u00f1ola, la rica historia y las ra\u00edces de la cultura del pa\u00eds.<\/p>\n<h2 id=\"toc-2\">La fiesta de la luz llev\u00f3 la ciencia a las calles<\/h2>\n<p>Por su parte, Mar\u00eda Valenzuela, Presidenta de la Junta de Vecinos del sector Rinc\u00f3n de Mellado, extendi\u00f3 una cordial invitaci\u00f3n a toda la comunidad a participar de esta tradicional fiesta durante el primer fin de semana de mayo. &quot;Estos recursos son fundamentales para mantener vivas nuestras ra\u00edces y apoyar las manifestaciones culturales que dan identidad a nuestra regi\u00f3n&quot;, se\u00f1al\u00f3 el gobernador. La iniciativa tiene como objetivo principal poner en valor las arraigadas tradiciones del mundo rural maulino, fomentando la identidad cultural, el valioso patrimonio campesino y el impulso del turismo local en la provincia de Curic\u00f3. Este tradicional encuentro costumbrista, que celebrar\u00e1 su 16\u00aa versi\u00f3n, se llevar\u00e1 a cabo entre el 2 y el 4 de mayo en el sector Rinc\u00f3n de Mellado.<\/p>\n<h3 id=\"toc-3\">\u00a1Adorado sea el Sant\u00edsimo!<\/h3>\n<p>Para algunos historiadores, las fiestas celebradas en honor a la Virgen durante el mes de agosto son una reminiscencia sincretizada de las antiguas fiestas del Be\u00f1esmen aborigen.\u200b Dar luz es unirse a la Luz, y unirse a la Luz, es tener y usar de los sacramentos, que son la luz del mundo.\u201d (P. Jes\u00fas, Medit. 22 abril 2.020) Dices amar la noche, la oscuridad, la penumbra, porque uno se acostumbra\u2026, pues llevas vida de gato, de medio filocegato, y caminas como un pato. Pero el que obra la verdad viene a la luz, para que sus obras sean manifestadas, pues est\u00e1n hechas en Dios.\u201d (Jn 3, 20-21). La fe equilibra a todo el mundo, frente al lastre del mundanismo. La fe nos da el necesario equilibrio en la vida, y una vida espiritual verdadera y \u201csostenible\u201d.<\/p>\n<p>\u201cDios Hijo, manifest\u00e1ndose en nuestra naturaleza mortal, nos restaur\u00f3 con la nueva luz de su inmortalidad.\u201d (Del prefacio de Epifan\u00eda). \u00c9l es la Luz, luz del mundo, de las gentes y de las naciones; luz de la Iglesia, de los creyentes y de sus corazones. Adem\u00e1s de la representaci\u00f3n art\u00edstica, este proyecto tiene por detr\u00e1s a\u00f1os de investigaci\u00f3n, y es parte de un estudio que busca terminar con la contaminaci\u00f3n ambiental por medio del uso de la luz. Una noche de verano para cantar en directo y disfrutar del pop-rock con una banda que forma parte de la banda sonora de mucha gente. Por esto, hemos organizado una fiesta que congregue a la familia y al p\u00fablico en general, y donde puedan experimentar la luz desde sus distintas perspectivas. Y como lo queremos celebrar en grande, hemos organizado con Explora Regi\u00f3n del Biob\u00edo y el una fiesta que no te puedes perder.<\/p>\n<h2 id=\"toc-5\">The significance of Palma\u2019s Festival of Light<\/h2>\n<p>La v\u00edspera de la Candela, el 1 de febrero, es la noche del baile de gala, con orquestas internacionales, y de la verbena. Se firm\u00f3 el documento que estipulaba que cada diez a\u00f1os se har\u00eda una solemne procesi\u00f3n votiva en honor de la Virgen de la Candela. Esta devoci\u00f3n de ra\u00edz cristiana se increment\u00f3 con la fundaci\u00f3n de las Fiestas Decenales, debida al legado del beneficiario de la comunidad de presb\u00edteros de la parroquia de San Juan, Josep Perellada Salabert, que se hizo efectivo a su muerte en el a\u00f1o 1788. Constan documentalmente las s\u00faplicas dirigidas a la Virgen por parte de las vallenses y de los vallenses cuando la peste diezmaba la ciudad el a\u00f1o 1348. En las fechas cercanas al 2 de febrero y al 15 de agosto (d\u00edas de su fiesta), la imagen es bajada en secreto del camar\u00edn para colocarla en un trono procesional repujado en plata. En Tenerife (lugar de su aparici\u00f3n) se celebra tanto el 2 de febrero como el 15 de agosto (esta \u00faltima se celebra desde el siglo\u00a0XVIII, y por estar vinculada al d\u00eda de su aparici\u00f3n).<\/p>\n","protected":false},"excerpt":{"rendered":"<p>Content No confundas Halloween con el D\u00eda de Muertos: Un sacerdote cat\u00f3lico explica las diferencias La fiesta de la luz llev\u00f3 la ciencia a las calles Espa\u00f1a The significance of Palma\u2019s Festival of Light Audiencia protocolar del presidente electo al Comit\u00e9 Permanente de la Conferencia Episcopal Despu\u00e9s de visto lo visto, si te crees tan&hellip;<\/p>\n","protected":false},"author":11,"featured_media":0,"comment_status":"open","ping_status":"open","sticky":false,"template":"","format":"standard","meta":{"footnotes":""},"categories":[225],"tags":[],"class_list":["post-79717","post","type-post","status-publish","format-standard","hentry","category-filusa-cl","content-box content-box-wrapper"],"acf":[],"yoast_head":"<!-- This site is optimized with the Yoast SEO plugin v20.3 - https:\/\/yoast.com\/wordpress\/plugins\/seo\/ -->\n<title>Fesiluz Chile 2024: Estas son las fechas, los precios y d\u00f3nde se realizar\u00e1 el gran evento de luces chinas - Clear Extraction Solutions<\/title>\n<meta name=\"robots\" content=\"index, follow, max-snippet:-1, max-image-preview:large, max-video-preview:-1\" \/>\n<link rel=\"canonical\" href=\"https:\/\/m9dev2.com\/cxsdev\/fesiluz-chile-2024-estas-son-las-fechas-los-9\/\" \/>\n<meta property=\"og:locale\" content=\"en_US\" \/>\n<meta property=\"og:type\" content=\"article\" \/>\n<meta property=\"og:title\" content=\"Fesiluz Chile 2024: Estas son las fechas, los precios y d\u00f3nde se realizar\u00e1 el gran evento de luces chinas - Clear Extraction Solutions\" \/>\n<meta property=\"og:description\" content=\"Content No confundas Halloween con el D\u00eda de Muertos: Un sacerdote cat\u00f3lico explica las diferencias La fiesta de la luz llev\u00f3 la ciencia a las calles Espa\u00f1a The significance of Palma\u2019s Festival of Light Audiencia protocolar del presidente electo al Comit\u00e9 Permanente de la Conferencia Episcopal Despu\u00e9s de visto lo visto, si te crees tan&hellip;\" \/>\n<meta property=\"og:url\" content=\"https:\/\/m9dev2.com\/cxsdev\/fesiluz-chile-2024-estas-son-las-fechas-los-9\/\" \/>\n<meta property=\"og:site_name\" content=\"Clear Extraction Solutions\" \/>\n<meta property=\"article:published_time\" content=\"2026-04-08T07:48:14+00:00\" \/>\n<meta property=\"article:modified_time\" content=\"2026-02-25T14:07:42+00:00\" \/>\n<meta name=\"author\" content=\"Service Bot\" \/>\n<meta name=\"twitter:card\" content=\"summary_large_image\" \/>\n<meta name=\"twitter:label1\" content=\"Written by\" \/>\n\t<meta name=\"twitter:data1\" content=\"Service Bot\" \/>\n\t<meta name=\"twitter:label2\" content=\"Est. reading time\" \/>\n\t<meta name=\"twitter:data2\" content=\"8 minutes\" \/>\n<script type=\"application\/ld+json\" class=\"yoast-schema-graph\">{\"@context\":\"https:\/\/schema.org\",\"@graph\":[{\"@type\":\"Article\",\"@id\":\"https:\/\/m9dev2.com\/cxsdev\/fesiluz-chile-2024-estas-son-las-fechas-los-9\/#article\",\"isPartOf\":{\"@id\":\"https:\/\/m9dev2.com\/cxsdev\/fesiluz-chile-2024-estas-son-las-fechas-los-9\/\"},\"author\":{\"name\":\"Service Bot\",\"@id\":\"https:\/\/m9dev2.com\/cxsdev\/#\/schema\/person\/e79a1e7276aac0711468e8afd74feb3d\"},\"headline\":\"Fesiluz Chile 2024: Estas son las fechas, los precios y d\u00f3nde se realizar\u00e1 el gran evento de luces chinas\",\"datePublished\":\"2026-04-08T07:48:14+00:00\",\"dateModified\":\"2026-02-25T14:07:42+00:00\",\"mainEntityOfPage\":{\"@id\":\"https:\/\/m9dev2.com\/cxsdev\/fesiluz-chile-2024-estas-son-las-fechas-los-9\/\"},\"wordCount\":1659,\"commentCount\":0,\"publisher\":{\"@id\":\"https:\/\/m9dev2.com\/cxsdev\/#organization\"},\"articleSection\":[\"filusa.cl\"],\"inLanguage\":\"en-US\",\"potentialAction\":[{\"@type\":\"CommentAction\",\"name\":\"Comment\",\"target\":[\"https:\/\/m9dev2.com\/cxsdev\/fesiluz-chile-2024-estas-son-las-fechas-los-9\/#respond\"]}]},{\"@type\":\"WebPage\",\"@id\":\"https:\/\/m9dev2.com\/cxsdev\/fesiluz-chile-2024-estas-son-las-fechas-los-9\/\",\"url\":\"https:\/\/m9dev2.com\/cxsdev\/fesiluz-chile-2024-estas-son-las-fechas-los-9\/\",\"name\":\"Fesiluz Chile 2024: Estas son las fechas, los precios y d\u00f3nde se realizar\u00e1 el gran evento de luces chinas - Clear Extraction Solutions\",\"isPartOf\":{\"@id\":\"https:\/\/m9dev2.com\/cxsdev\/#website\"},\"datePublished\":\"2026-04-08T07:48:14+00:00\",\"dateModified\":\"2026-02-25T14:07:42+00:00\",\"breadcrumb\":{\"@id\":\"https:\/\/m9dev2.com\/cxsdev\/fesiluz-chile-2024-estas-son-las-fechas-los-9\/#breadcrumb\"},\"inLanguage\":\"en-US\",\"potentialAction\":[{\"@type\":\"ReadAction\",\"target\":[\"https:\/\/m9dev2.com\/cxsdev\/fesiluz-chile-2024-estas-son-las-fechas-los-9\/\"]}]},{\"@type\":\"BreadcrumbList\",\"@id\":\"https:\/\/m9dev2.com\/cxsdev\/fesiluz-chile-2024-estas-son-las-fechas-los-9\/#breadcrumb\",\"itemListElement\":[{\"@type\":\"ListItem\",\"position\":1,\"name\":\"Home\",\"item\":\"https:\/\/m9dev2.com\/cxsdev\/\"},{\"@type\":\"ListItem\",\"position\":2,\"name\":\"Fesiluz Chile 2024: Estas son las fechas, los precios y d\u00f3nde se realizar\u00e1 el gran evento de luces chinas\"}]},{\"@type\":\"WebSite\",\"@id\":\"https:\/\/m9dev2.com\/cxsdev\/#website\",\"url\":\"https:\/\/m9dev2.com\/cxsdev\/\",\"name\":\"Clear Extraction Solutions\",\"description\":\"Your Cannabis Extraction Experts\",\"publisher\":{\"@id\":\"https:\/\/m9dev2.com\/cxsdev\/#organization\"},\"potentialAction\":[{\"@type\":\"SearchAction\",\"target\":{\"@type\":\"EntryPoint\",\"urlTemplate\":\"https:\/\/m9dev2.com\/cxsdev\/?s={search_term_string}\"},\"query-input\":\"required name=search_term_string\"}],\"inLanguage\":\"en-US\"},{\"@type\":\"Organization\",\"@id\":\"https:\/\/m9dev2.com\/cxsdev\/#organization\",\"name\":\"Clear Extraction Solutions\",\"url\":\"https:\/\/m9dev2.com\/cxsdev\/\",\"logo\":{\"@type\":\"ImageObject\",\"inLanguage\":\"en-US\",\"@id\":\"https:\/\/m9dev2.com\/cxsdev\/#\/schema\/logo\/image\/\",\"url\":\"https:\/\/m9dev2.com\/cxsdev\/wp-content\/uploads\/2022\/02\/logo.jpg\",\"contentUrl\":\"https:\/\/m9dev2.com\/cxsdev\/wp-content\/uploads\/2022\/02\/logo.jpg\",\"width\":262,\"height\":105,\"caption\":\"Clear Extraction Solutions\"},\"image\":{\"@id\":\"https:\/\/m9dev2.com\/cxsdev\/#\/schema\/logo\/image\/\"}},{\"@type\":\"Person\",\"@id\":\"https:\/\/m9dev2.com\/cxsdev\/#\/schema\/person\/e79a1e7276aac0711468e8afd74feb3d\",\"name\":\"Service Bot\",\"image\":{\"@type\":\"ImageObject\",\"inLanguage\":\"en-US\",\"@id\":\"https:\/\/m9dev2.com\/cxsdev\/#\/schema\/person\/image\/\",\"url\":\"https:\/\/secure.gravatar.com\/avatar\/12ded12520856b56cb4fb33d1d5b9314556a89f8a1e08638fa1d7db379de975c?s=96&d=mm&r=g\",\"contentUrl\":\"https:\/\/secure.gravatar.com\/avatar\/12ded12520856b56cb4fb33d1d5b9314556a89f8a1e08638fa1d7db379de975c?s=96&d=mm&r=g\",\"caption\":\"Service Bot\"},\"url\":\"https:\/\/m9dev2.com\/cxsdev\/author\/bot\/\"}]}<\/script>\n<!-- \/ Yoast SEO plugin. -->","yoast_head_json":{"title":"Fesiluz Chile 2024: Estas son las fechas, los precios y d\u00f3nde se realizar\u00e1 el gran evento de luces chinas - Clear Extraction Solutions","robots":{"index":"index","follow":"follow","max-snippet":"max-snippet:-1","max-image-preview":"max-image-preview:large","max-video-preview":"max-video-preview:-1"},"canonical":"https:\/\/m9dev2.com\/cxsdev\/fesiluz-chile-2024-estas-son-las-fechas-los-9\/","og_locale":"en_US","og_type":"article","og_title":"Fesiluz Chile 2024: Estas son las fechas, los precios y d\u00f3nde se realizar\u00e1 el gran evento de luces chinas - Clear Extraction Solutions","og_description":"Content No confundas Halloween con el D\u00eda de Muertos: Un sacerdote cat\u00f3lico explica las diferencias La fiesta de la luz llev\u00f3 la ciencia a las calles Espa\u00f1a The significance of Palma\u2019s Festival of Light Audiencia protocolar del presidente electo al Comit\u00e9 Permanente de la Conferencia Episcopal Despu\u00e9s de visto lo visto, si te crees tan&hellip;","og_url":"https:\/\/m9dev2.com\/cxsdev\/fesiluz-chile-2024-estas-son-las-fechas-los-9\/","og_site_name":"Clear Extraction Solutions","article_published_time":"2026-04-08T07:48:14+00:00","article_modified_time":"2026-02-25T14:07:42+00:00","author":"Service Bot","twitter_card":"summary_large_image","twitter_misc":{"Written by":"Service Bot","Est. reading time":"8 minutes"},"schema":{"@context":"https:\/\/schema.org","@graph":[{"@type":"Article","@id":"https:\/\/m9dev2.com\/cxsdev\/fesiluz-chile-2024-estas-son-las-fechas-los-9\/#article","isPartOf":{"@id":"https:\/\/m9dev2.com\/cxsdev\/fesiluz-chile-2024-estas-son-las-fechas-los-9\/"},"author":{"name":"Service Bot","@id":"https:\/\/m9dev2.com\/cxsdev\/#\/schema\/person\/e79a1e7276aac0711468e8afd74feb3d"},"headline":"Fesiluz Chile 2024: Estas son las fechas, los precios y d\u00f3nde se realizar\u00e1 el gran evento de luces chinas","datePublished":"2026-04-08T07:48:14+00:00","dateModified":"2026-02-25T14:07:42+00:00","mainEntityOfPage":{"@id":"https:\/\/m9dev2.com\/cxsdev\/fesiluz-chile-2024-estas-son-las-fechas-los-9\/"},"wordCount":1659,"commentCount":0,"publisher":{"@id":"https:\/\/m9dev2.com\/cxsdev\/#organization"},"articleSection":["filusa.cl"],"inLanguage":"en-US","potentialAction":[{"@type":"CommentAction","name":"Comment","target":["https:\/\/m9dev2.com\/cxsdev\/fesiluz-chile-2024-estas-son-las-fechas-los-9\/#respond"]}]},{"@type":"WebPage","@id":"https:\/\/m9dev2.com\/cxsdev\/fesiluz-chile-2024-estas-son-las-fechas-los-9\/","url":"https:\/\/m9dev2.com\/cxsdev\/fesiluz-chile-2024-estas-son-las-fechas-los-9\/","name":"Fesiluz Chile 2024: Estas son las fechas, los precios y d\u00f3nde se realizar\u00e1 el gran evento de luces chinas - Clear Extraction Solutions","isPartOf":{"@id":"https:\/\/m9dev2.com\/cxsdev\/#website"},"datePublished":"2026-04-08T07:48:14+00:00","dateModified":"2026-02-25T14:07:42+00:00","breadcrumb":{"@id":"https:\/\/m9dev2.com\/cxsdev\/fesiluz-chile-2024-estas-son-las-fechas-los-9\/#breadcrumb"},"inLanguage":"en-US","potentialAction":[{"@type":"ReadAction","target":["https:\/\/m9dev2.com\/cxsdev\/fesiluz-chile-2024-estas-son-las-fechas-los-9\/"]}]},{"@type":"BreadcrumbList","@id":"https:\/\/m9dev2.com\/cxsdev\/fesiluz-chile-2024-estas-son-las-fechas-los-9\/#breadcrumb","itemListElement":[{"@type":"ListItem","position":1,"name":"Home","item":"https:\/\/m9dev2.com\/cxsdev\/"},{"@type":"ListItem","position":2,"name":"Fesiluz Chile 2024: Estas son las fechas, los precios y d\u00f3nde se realizar\u00e1 el gran evento de luces chinas"}]},{"@type":"WebSite","@id":"https:\/\/m9dev2.com\/cxsdev\/#website","url":"https:\/\/m9dev2.com\/cxsdev\/","name":"Clear Extraction Solutions","description":"Your Cannabis Extraction Experts","publisher":{"@id":"https:\/\/m9dev2.com\/cxsdev\/#organization"},"potentialAction":[{"@type":"SearchAction","target":{"@type":"EntryPoint","urlTemplate":"https:\/\/m9dev2.com\/cxsdev\/?s={search_term_string}"},"query-input":"required name=search_term_string"}],"inLanguage":"en-US"},{"@type":"Organization","@id":"https:\/\/m9dev2.com\/cxsdev\/#organization","name":"Clear Extraction Solutions","url":"https:\/\/m9dev2.com\/cxsdev\/","logo":{"@type":"ImageObject","inLanguage":"en-US","@id":"https:\/\/m9dev2.com\/cxsdev\/#\/schema\/logo\/image\/","url":"https:\/\/m9dev2.com\/cxsdev\/wp-content\/uploads\/2022\/02\/logo.jpg","contentUrl":"https:\/\/m9dev2.com\/cxsdev\/wp-content\/uploads\/2022\/02\/logo.jpg","width":262,"height":105,"caption":"Clear Extraction Solutions"},"image":{"@id":"https:\/\/m9dev2.com\/cxsdev\/#\/schema\/logo\/image\/"}},{"@type":"Person","@id":"https:\/\/m9dev2.com\/cxsdev\/#\/schema\/person\/e79a1e7276aac0711468e8afd74feb3d","name":"Service Bot","image":{"@type":"ImageObject","inLanguage":"en-US","@id":"https:\/\/m9dev2.com\/cxsdev\/#\/schema\/person\/image\/","url":"https:\/\/secure.gravatar.com\/avatar\/12ded12520856b56cb4fb33d1d5b9314556a89f8a1e08638fa1d7db379de975c?s=96&d=mm&r=g","contentUrl":"https:\/\/secure.gravatar.com\/avatar\/12ded12520856b56cb4fb33d1d5b9314556a89f8a1e08638fa1d7db379de975c?s=96&d=mm&r=g","caption":"Service Bot"},"url":"https:\/\/m9dev2.com\/cxsdev\/author\/bot\/"}]}},"_links":{"self":[{"href":"https:\/\/m9dev2.com\/cxsdev\/wp-json\/wp\/v2\/posts\/79717","targetHints":{"allow":["GET"]}}],"collection":[{"href":"https:\/\/m9dev2.com\/cxsdev\/wp-json\/wp\/v2\/posts"}],"about":[{"href":"https:\/\/m9dev2.com\/cxsdev\/wp-json\/wp\/v2\/types\/post"}],"author":[{"embeddable":true,"href":"https:\/\/m9dev2.com\/cxsdev\/wp-json\/wp\/v2\/users\/11"}],"replies":[{"embeddable":true,"href":"https:\/\/m9dev2.com\/cxsdev\/wp-json\/wp\/v2\/comments?post=79717"}],"version-history":[{"count":1,"href":"https:\/\/m9dev2.com\/cxsdev\/wp-json\/wp\/v2\/posts\/79717\/revisions"}],"predecessor-version":[{"id":79719,"href":"https:\/\/m9dev2.com\/cxsdev\/wp-json\/wp\/v2\/posts\/79717\/revisions\/79719"}],"wp:attachment":[{"href":"https:\/\/m9dev2.com\/cxsdev\/wp-json\/wp\/v2\/media?parent=79717"}],"wp:term":[{"taxonomy":"category","embeddable":true,"href":"https:\/\/m9dev2.com\/cxsdev\/wp-json\/wp\/v2\/categories?post=79717"},{"taxonomy":"post_tag","embeddable":true,"href":"https:\/\/m9dev2.com\/cxsdev\/wp-json\/wp\/v2\/tags?post=79717"}],"curies":[{"name":"wp","href":"https:\/\/api.w.org\/{rel}","templated":true}]}}